{"id":68844,"date":"2026-02-17T21:59:53","date_gmt":"2026-02-18T00:59:53","guid":{"rendered":"https:\/\/todologisticanews.com\/site\/?p=68844"},"modified":"2026-02-17T22:00:02","modified_gmt":"2026-02-18T01:00:02","slug":"ue-aplicara-aranceles-a-paquetes-pequenos-desde-2026","status":"publish","type":"post","link":"https:\/\/todologisticanews.com\/site\/ue-aplicara-aranceles-a-paquetes-pequenos-desde-2026\/","title":{"rendered":"UE aplicar\u00e1 aranceles a paquetes peque\u00f1os desde 2026"},"content":{"rendered":"\n<p>UE aplicar\u00e1 aranceles a paquetes peque\u00f1os desde 2026. El Consejo de Europa avanz\u00f3 en nuevas normas de derechos de aduana para paquetes peque\u00f1os enviados a la Uni\u00f3n Europea, principalmente por comercio electr\u00f3nico. El acuerdo elimina la franquicia aduanera vigente para env\u00edos con valor inferior a 150 euros.<\/p>\n\n\n\n<h4>Derecho provisional desde julio de 2026<\/h4>\n\n\n\n<p>Antes de la entrada en funcionamiento del Centro Aduanero de Datos de la UE, prevista para 2028, los Estados miembros aplicar\u00e1n un derecho de aduana fijo de 3 euros por cada categor\u00eda de art\u00edculo en paquetes peque\u00f1os. Esta medida entrar\u00e1 en vigor el 1 de julio de 2026 y se extender\u00e1 hasta 2028, con posibilidad de pr\u00f3rroga.<\/p>\n\n\n\n<p>El nuevo sistema busca reforzar las finanzas p\u00fablicas y el presupuesto de la UE. Parte de los derechos recaudados permanecer\u00e1 en los Estados miembros como compensaci\u00f3n por gastos administrativos. La medida se diferencia de la \u201ctasa de tramitaci\u00f3n\u201d, a\u00fan en debate dentro de la reforma aduanera m\u00e1s amplia.<\/p>\n\n\n\n<h4>Impacto en comercio electr\u00f3nico y empresas de la UE<\/h4>\n\n\n\n<p>La eliminaci\u00f3n de la exenci\u00f3n de 150 euros responde al crecimiento del comercio electr\u00f3nico global. La medida pretende apoyar a empresas europeas y reducir pr\u00e1cticas de vendedores que operan al margen de la normativa.<\/p>\n\n\n\n<p>Makis Keravnos, ministro de Hacienda de Chipre, destac\u00f3 que \u201cahora debemos avanzar con decisi\u00f3n en la reforma aduanera general, pieza clave para que la UE sea m\u00e1s competitiva y segura\u201d.<\/p>\n\n\n\n<p>Una vez operativo el Centro Aduanero de Datos de la UE, el derecho provisional ser\u00e1 reemplazado por aranceles normales seg\u00fan el valor y categor\u00eda de cada mercanc\u00eda, completando as\u00ed la modernizaci\u00f3n del marco aduanero europeo.<\/p>\n\n\n\n<p>La medida refleja la adaptaci\u00f3n de la Uni\u00f3n Europea a las nuevas din\u00e1micas del comercio electr\u00f3nico y la necesidad de garantizar control, transparencia y seguridad en la entrada de paquetes peque\u00f1os al continente.<\/p>\n\n\n\n<hr class=\"wp-block-separator has-alpha-channel-opacity\"\/>\n\n\n\n<p><strong><em>TodologisticaNEWS: Las principales noticias sobre puertos, log\u00edstica, transporte y comercio exterior<\/em><\/strong><\/p>\n\n\n\n<hr class=\"wp-block-separator has-alpha-channel-opacity\"\/>\n","protected":false},"excerpt":{"rendered":"UE aplicar\u00e1 aranceles a paquetes peque\u00f1os desde 2026. El Consejo de Europa avanz\u00f3 en nuevas...","protected":false},"author":957,"featured_media":68852,"comment_status":"open","ping_status":"open","sticky":false,"template":"","format":"standard","meta":{"episode_type":"audio","audio_file":"","cover_image":"","cover_image_id":"","duration":"","filesize":"","date_recorded":"","explicit":"","block":"","filesize_raw":""},"categories":[91],"tags":[214,530,100,145,14064,10612],"yst_prominent_words":[2060,1873,700,1963,5786,1964,1417,3464,5775,694],"series":[],"episode_featured_image":"https:\/\/todologisticanews.com\/site\/wp-content\/uploads\/2026\/02\/Banner_Paquete_17-02-2026.jpg","episode_player_image":"https:\/\/todologisticanews.com\/site\/wp-content\/uploads\/2020\/05\/LOGO-PODCAST.jpeg","download_link":"","player_link":"","audio_player":false,"episode_data":{"playerMode":"dark","subscribeUrls":{"apple_podcasts":{"key":"apple_podcasts","url":"https:\/\/podcasts.apple.com\/uy\/podcast\/todologistica\/id1515118482","label":"Apple Podcasts","class":"apple_podcasts","icon":"apple-podcasts.png"},"google_podcasts":{"key":"google_podcasts","url":"","label":"Google Podcasts","class":"google_podcasts","icon":"google-podcasts.png"},"spotify":{"key":"spotify","url":"https:\/\/open.spotify.com\/show\/10D0EeKwuNi9BrB6KSt4px?si=Tn0hRTGJQwW6HqtWKotEZg","label":"Spotify","class":"spotify","icon":"spotify.png"},"stitcher":{"key":"stitcher","url":"","label":"Stitcher","class":"stitcher","icon":"stitcher.png"},"ivoox":{"key":"ivoox","url":"","label":"iVoox","class":"ivoox","icon":"ivoox.png"}},"rssFeedUrl":"https:\/\/todologisticanews.com\/site\/feed\/podcast\/todologistica","embedCode":"<blockquote class=\"wp-embedded-content\" data-secret=\"Yj6RFVb58v\"><a href=\"https:\/\/todologisticanews.com\/site\/ue-aplicara-aranceles-a-paquetes-pequenos-desde-2026\/\">UE aplicar\u00e1 aranceles a paquetes peque\u00f1os desde 2026<\/a><\/blockquote><iframe sandbox=\"allow-scripts\" security=\"restricted\" src=\"https:\/\/todologisticanews.com\/site\/ue-aplicara-aranceles-a-paquetes-pequenos-desde-2026\/embed\/#?secret=Yj6RFVb58v\" width=\"500\" height=\"350\" title=\"\u00abUE aplicar\u00e1 aranceles a paquetes peque\u00f1os desde 2026\u00bb \u2014 TodoLOGISTICA NEWS\" data-secret=\"Yj6RFVb58v\" frameborder=\"0\" marginwidth=\"0\" marginheight=\"0\" scrolling=\"no\" class=\"wp-embedded-content\"><\/iframe><script type=\"text\/javascript\">\n\/*! This file is auto-generated *\/\n!function(c,d){\"use strict\";var e=!1,o=!1;if(d.querySelector)if(c.addEventListener)e=!0;if(c.wp=c.wp||{},c.wp.receiveEmbedMessage);else if(c.wp.receiveEmbedMessage=function(e){var t=e.data;if(!t);else if(!(t.secret||t.message||t.value));else if(\/[^a-zA-Z0-9]\/.test(t.secret));else{for(var r,s,a,i=d.querySelectorAll('iframe[data-secret=\"'+t.secret+'\"]'),n=d.querySelectorAll('blockquote[data-secret=\"'+t.secret+'\"]'),o=new RegExp(\"^https?:$\",\"i\"),l=0;l<n.length;l++)n[l].style.display=\"none\";for(l=0;l<i.length;l++)if(r=i[l],e.source!==r.contentWindow);else{if(r.removeAttribute(\"style\"),\"height\"===t.message){if(1e3<(s=parseInt(t.value,10)))s=1e3;else if(~~s<200)s=200;r.height=s}if(\"link\"===t.message)if(s=d.createElement(\"a\"),a=d.createElement(\"a\"),s.href=r.getAttribute(\"src\"),a.href=t.value,!o.test(a.protocol));else if(a.host===s.host)if(d.activeElement===r)c.top.location.href=t.value}}},e)c.addEventListener(\"message\",c.wp.receiveEmbedMessage,!1),d.addEventListener(\"DOMContentLoaded\",t,!1),c.addEventListener(\"load\",t,!1);function t(){if(o);else{o=!0;for(var e,t,r,s=-1!==navigator.appVersion.indexOf(\"MSIE 10\"),a=!!navigator.userAgent.match(\/Trident.*rv:11\\.\/),i=d.querySelectorAll(\"iframe.wp-embedded-content\"),n=0;n<i.length;n++){if(!(r=(t=i[n]).getAttribute(\"data-secret\")))r=Math.random().toString(36).substr(2,10),t.src+=\"#?secret=\"+r,t.setAttribute(\"data-secret\",r);if(s||a)(e=t.cloneNode(!0)).removeAttribute(\"security\"),t.parentNode.replaceChild(e,t);t.contentWindow.postMessage({message:\"ready\",secret:r},\"*\")}}}}(window,document);\n<\/script>\n"},"_links":{"self":[{"href":"https:\/\/todologisticanews.com\/site\/wp-json\/wp\/v2\/posts\/68844"}],"collection":[{"href":"https:\/\/todologisticanews.com\/site\/wp-json\/wp\/v2\/posts"}],"about":[{"href":"https:\/\/todologisticanews.com\/site\/wp-json\/wp\/v2\/types\/post"}],"author":[{"embeddable":true,"href":"https:\/\/todologisticanews.com\/site\/wp-json\/wp\/v2\/users\/957"}],"replies":[{"embeddable":true,"href":"https:\/\/todologisticanews.com\/site\/wp-json\/wp\/v2\/comments?post=68844"}],"version-history":[{"count":1,"href":"https:\/\/todologisticanews.com\/site\/wp-json\/wp\/v2\/posts\/68844\/revisions"}],"predecessor-version":[{"id":68845,"href":"https:\/\/todologisticanews.com\/site\/wp-json\/wp\/v2\/posts\/68844\/revisions\/68845"}],"wp:featuredmedia":[{"embeddable":true,"href":"https:\/\/todologisticanews.com\/site\/wp-json\/wp\/v2\/media\/68852"}],"wp:attachment":[{"href":"https:\/\/todologisticanews.com\/site\/wp-json\/wp\/v2\/media?parent=68844"}],"wp:term":[{"taxonomy":"category","embeddable":true,"href":"https:\/\/todologisticanews.com\/site\/wp-json\/wp\/v2\/categories?post=68844"},{"taxonomy":"post_tag","embeddable":true,"href":"https:\/\/todologisticanews.com\/site\/wp-json\/wp\/v2\/tags?post=68844"},{"taxonomy":"yst_prominent_words","embeddable":true,"href":"https:\/\/todologisticanews.com\/site\/wp-json\/wp\/v2\/yst_prominent_words?post=68844"},{"taxonomy":"series","embeddable":true,"href":"https:\/\/todologisticanews.com\/site\/wp-json\/wp\/v2\/series?post=68844"}],"curies":[{"name":"wp","href":"https:\/\/api.w.org\/{rel}","templated":true}]}}